{"id":2784,"date":"2026-02-25T12:00:43","date_gmt":"2026-02-25T11:00:43","guid":{"rendered":"https:\/\/welten-institut.de\/?p=2784"},"modified":"2026-02-25T12:03:02","modified_gmt":"2026-02-25T11:03:02","slug":"neu-aether-meditation-mit-energetischer-begleitung-und-channeling-aus-der-reihe-die-5-elemente","status":"publish","type":"post","link":"https:\/\/welten-institut.de\/fr\/neu-aether-meditation-mit-energetischer-begleitung-und-channeling-aus-der-reihe-die-5-elemente\/","title":{"rendered":"NOUVEAU : m\u00e9ditation sur l&rsquo;\u00c9THER avec accompagnement \u00e9nerg\u00e9tique et channeling de la s\u00e9rie \u00ab Les 5 \u00e9l\u00e9ments \u00bb."},"content":{"rendered":"<p>Cette m\u00e9ditation sur l&rsquo;\u00e9l\u00e9ment \u00c9THER, le 5e \u00e9l\u00e9ment, comprend les 4 autres \u00e9l\u00e9ments &#8211; la terre, l&rsquo;air, le feu et l&rsquo;eau, que tu trouveras sur ma cha\u00eene YouTube. Comme cette m\u00e9ditation ouvre \u00e0 la fois le chakra du sommet et le chakra du c\u0153ur, tu peux d&rsquo;abord profiter de la m\u00e9ditation du c\u0153ur et\/ou de la m\u00e9ditation des chakras.<br \/>\nTu trouveras \u00e9galement cette m\u00e9ditation sur l&rsquo;\u00c9THER sur la cha\u00eene\u00a0<a href=\"https:\/\/www.youtube.com\/@clarawelten7217\" target=\"_blank\" rel=\"noopener\">YouTube \u00ab Clara Welten \u00bb.<\/a><\/p>\n<p><iframe loading=\"lazy\" title=\"Meditation mit Energie\u00fcbertragung und Channeling zum Element \u00c4ther\" width=\"660\" height=\"371\" src=\"https:\/\/www.youtube.com\/embed\/9rGVGjuE9z8?feature=oembed\" frameborder=\"0\" allow=\"accelerometer; autoplay; clipboard-write; encrypted-media; gyroscope; picture-in-picture; web-share\" referrerpolicy=\"strict-origin-when-cross-origin\" allowfullscreen><\/iframe><\/p>\n","protected":false},"excerpt":{"rendered":"<p>Cette m\u00e9ditation sur l&rsquo;\u00e9l\u00e9ment \u00c9THER, le 5e \u00e9l\u00e9ment, comprend les 4 autres \u00e9l\u00e9ments &#8211; la terre, l&rsquo;air, le feu et l&rsquo;eau, que tu trouveras sur ma cha\u00eene YouTube. Comme cette m\u00e9ditation ouvre \u00e0 la fois le chakra du sommet et le chakra du c\u0153ur, tu peux d&rsquo;abord profiter de la m\u00e9ditation du c\u0153ur et\/ou de &hellip; <a href=\"https:\/\/welten-institut.de\/fr\/neu-aether-meditation-mit-energetischer-begleitung-und-channeling-aus-der-reihe-die-5-elemente\/\" class=\"more-link\">Continuer la lecture de <span class=\"screen-reader-text\">NOUVEAU : m\u00e9ditation sur l&rsquo;\u00c9THER avec accompagnement \u00e9nerg\u00e9tique et channeling de la s\u00e9rie \u00ab Les 5 \u00e9l\u00e9ments \u00bb.<\/span><\/a><\/p>\n","protected":false},"author":2,"featured_media":2785,"comment_status":"closed","ping_status":"open","sticky":false,"template":"","format":"standard","meta":{"inline_featured_image":false,"footnotes":""},"categories":[1],"tags":[],"class_list":["post-2784","post","type-post","status-publish","format-standard","has-post-thumbnail","hentry","category-uncategorized"],"_links":{"self":[{"href":"https:\/\/welten-institut.de\/fr\/wp-json\/wp\/v2\/posts\/2784","targetHints":{"allow":["GET"]}}],"collection":[{"href":"https:\/\/welten-institut.de\/fr\/wp-json\/wp\/v2\/posts"}],"about":[{"href":"https:\/\/welten-institut.de\/fr\/wp-json\/wp\/v2\/types\/post"}],"author":[{"embeddable":true,"href":"https:\/\/welten-institut.de\/fr\/wp-json\/wp\/v2\/users\/2"}],"replies":[{"embeddable":true,"href":"https:\/\/welten-institut.de\/fr\/wp-json\/wp\/v2\/comments?post=2784"}],"version-history":[{"count":3,"href":"https:\/\/welten-institut.de\/fr\/wp-json\/wp\/v2\/posts\/2784\/revisions"}],"predecessor-version":[{"id":2788,"href":"https:\/\/welten-institut.de\/fr\/wp-json\/wp\/v2\/posts\/2784\/revisions\/2788"}],"wp:featuredmedia":[{"embeddable":true,"href":"https:\/\/welten-institut.de\/fr\/wp-json\/wp\/v2\/media\/2785"}],"wp:attachment":[{"href":"https:\/\/welten-institut.de\/fr\/wp-json\/wp\/v2\/media?parent=2784"}],"wp:term":[{"taxonomy":"category","embeddable":true,"href":"https:\/\/welten-institut.de\/fr\/wp-json\/wp\/v2\/categories?post=2784"},{"taxonomy":"post_tag","embeddable":true,"href":"https:\/\/welten-institut.de\/fr\/wp-json\/wp\/v2\/tags?post=2784"}],"curies":[{"name":"wp","href":"https:\/\/api.w.org\/{rel}","templated":true}]}}