{"id":2640,"date":"2025-10-13T14:30:03","date_gmt":"2025-10-13T12:30:03","guid":{"rendered":"https:\/\/welten-institut.de\/?p=2640"},"modified":"2026-04-23T13:53:59","modified_gmt":"2026-04-23T11:53:59","slug":"meditation-und-die-kraft-der-mudras-eine-meditations-praxis-zur-ausrichtung-deiner-energie","status":"publish","type":"post","link":"https:\/\/welten-institut.de\/fr\/meditation-und-die-kraft-der-mudras-eine-meditations-praxis-zur-ausrichtung-deiner-energie\/","title":{"rendered":"La m\u00e9ditation et le pouvoir des mudras \u2013 une pratique m\u00e9ditative pour aligner ton \u00e9nergie"},"content":{"rendered":"<h4>Atelier d&rsquo;une journ\u00e9e anim\u00e9 par Clara Welten, dimanche 31 mai 2026, de 10 h \u00e0 16 h \u00e0 l&rsquo;Aquariana, Berlin.<\/h4>\n<p>Affinez votre pr\u00e9sence \u00e9nerg\u00e9tique et votre orientation consciente dans la vie.<\/p>\n<p>Au cours de cet atelier d&rsquo;une journ\u00e9e, vous d\u00e9couvrirez, gr\u00e2ce \u00e0 des connaissances ancestrales, \u00e0 la pratique et \u00e0 l&rsquo;exp\u00e9rience personnelle, le pouvoir particulier des mudras, ces gestes symboliques anciens qui renforcent votre pratique de la m\u00e9ditation : la pratique des mudras vous aide \u00e0 orienter consciemment votre attention dans la vie ! Que ce soit pour la paix, l&rsquo;\u00e9quilibre dans la vie, la compassion ou m\u00eame le l\u00e2cher-prise, pratiquement toutes les situations \u00e9motionnelles peuvent \u00eatre renforc\u00e9es gr\u00e2ce \u00e0 une posture symbolique. Inscription obligatoire ; nombre de participants limit\u00e9. Tarif journalier : 90 &#8211; 120 \u20ac, \u00e0 vous de choisir.<\/p>\n","protected":false},"excerpt":{"rendered":"<p>Atelier d&rsquo;une journ\u00e9e anim\u00e9 par Clara Welten, dimanche 31 mai 2026, de 10 h \u00e0 16 h \u00e0 l&rsquo;Aquariana, Berlin. Affinez votre pr\u00e9sence \u00e9nerg\u00e9tique et votre orientation consciente dans la vie. Au cours de cet atelier d&rsquo;une journ\u00e9e, vous d\u00e9couvrirez, gr\u00e2ce \u00e0 des connaissances ancestrales, \u00e0 la pratique et \u00e0 l&rsquo;exp\u00e9rience personnelle, le pouvoir particulier &hellip; <a href=\"https:\/\/welten-institut.de\/fr\/meditation-und-die-kraft-der-mudras-eine-meditations-praxis-zur-ausrichtung-deiner-energie\/\" class=\"more-link\">Continuer la lecture de <span class=\"screen-reader-text\">La m\u00e9ditation et le pouvoir des mudras \u2013 une pratique m\u00e9ditative pour aligner ton \u00e9nergie<\/span><\/a><\/p>\n","protected":false},"author":2,"featured_media":0,"comment_status":"closed","ping_status":"open","sticky":false,"template":"","format":"standard","meta":{"inline_featured_image":false,"footnotes":""},"categories":[1],"tags":[19,68],"class_list":["post-2640","post","type-post","status-publish","format-standard","hentry","category-uncategorized","tag-meditation","tag-mudras"],"_links":{"self":[{"href":"https:\/\/welten-institut.de\/fr\/wp-json\/wp\/v2\/posts\/2640","targetHints":{"allow":["GET"]}}],"collection":[{"href":"https:\/\/welten-institut.de\/fr\/wp-json\/wp\/v2\/posts"}],"about":[{"href":"https:\/\/welten-institut.de\/fr\/wp-json\/wp\/v2\/types\/post"}],"author":[{"embeddable":true,"href":"https:\/\/welten-institut.de\/fr\/wp-json\/wp\/v2\/users\/2"}],"replies":[{"embeddable":true,"href":"https:\/\/welten-institut.de\/fr\/wp-json\/wp\/v2\/comments?post=2640"}],"version-history":[{"count":13,"href":"https:\/\/welten-institut.de\/fr\/wp-json\/wp\/v2\/posts\/2640\/revisions"}],"predecessor-version":[{"id":2829,"href":"https:\/\/welten-institut.de\/fr\/wp-json\/wp\/v2\/posts\/2640\/revisions\/2829"}],"wp:attachment":[{"href":"https:\/\/welten-institut.de\/fr\/wp-json\/wp\/v2\/media?parent=2640"}],"wp:term":[{"taxonomy":"category","embeddable":true,"href":"https:\/\/welten-institut.de\/fr\/wp-json\/wp\/v2\/categories?post=2640"},{"taxonomy":"post_tag","embeddable":true,"href":"https:\/\/welten-institut.de\/fr\/wp-json\/wp\/v2\/tags?post=2640"}],"curies":[{"name":"wp","href":"https:\/\/api.w.org\/{rel}","templated":true}]}}