{"id":2182,"date":"2024-02-04T12:46:02","date_gmt":"2024-02-04T11:46:02","guid":{"rendered":"https:\/\/welten-institut.de\/fr\/?p=2182"},"modified":"2024-11-26T15:51:48","modified_gmt":"2024-11-26T14:51:48","slug":"chakren-meditation-zum-buch-wir-sind-hebammen-des-lichts-aus-dem-kapitel-das-inkarnationsgedaechtnis","status":"publish","type":"post","link":"https:\/\/welten-institut.de\/fr\/chakren-meditation-zum-buch-wir-sind-hebammen-des-lichts-aus-dem-kapitel-das-inkarnationsgedaechtnis\/","title":{"rendered":"M\u00e9ditation sur les chakras avec transmission d&rsquo;\u00e9nergie par Clara Welten sur le livre \u00ab\u00a0Wir sind Hebammen des Lichts!\u00a0\u00bb, du chapitre \u00ab\u00a0Das Inkarnationsged\u00e4chtnis\u00a0\u00bb"},"content":{"rendered":"<p>Dans cette m\u00e9ditation pour ta spiritualit\u00e9 quotidienne, Clara Welten t&rsquo;accompagne dans un voyage \u00e0 travers tes sept chakras principaux et te montre comment les ouvrir et les r\u00e9\u00e9quilibrer, afin que tu te sentes plus \u00e9quilibr\u00e9 et plus joyeux. Avec l&rsquo;aide de la \u00ab\u00a0douche de lumi\u00e8re\u00a0\u00bb, tu nettoies tes chakras et tu redresses ta colonne vert\u00e9brale \u00e9nerg\u00e9tique.<\/p>\n<p>Cette m\u00e9ditation <strong>avec transmission d&rsquo;\u00e9nergie<\/strong> <strong>de Clara Welten<\/strong> fait partie du chapitre \u00ab\u00a0Das Inkarnationsged\u00e4chtnis\u00a0\u00bb du nouveau livre de Clara <strong>\u00ab\u00a0Wir sind Hebammen des Lichts ! Wie Reisen in Reinkarnationen Dein Dasein erhellen\u00a0\u00bb<\/strong>, qui para\u00eetra le <strong>1er mars 2024<\/strong> aux <strong>\u00e9ditions Jim Humble<\/strong>. Dans cet ouvrage unique en son genre, Clara Welten associe des th\u00e8mes tels que la spiritualit\u00e9, le chamanisme et la psychologie des profondeurs et te pr\u00e9sente 17 voyages en r\u00e9incarnations gr\u00e2ce auxquels des personnes ont \u00e9t\u00e9 d\u00e9livr\u00e9es concr\u00e8tement et durablement de leurs graves probl\u00e8mes.<\/p>\n<p>Tu trouveras \u00e9galement cette m\u00e9ditation sur les chakras sur la cha\u00eene <a href=\"https:\/\/www.youtube.com\/@clarawelten7217\" target=\"_blank\" rel=\"noopener\">YouTube \u00ab\u00a0Clara Welten\u00a0\u00bb .<\/a><\/p>\n<p><iframe loading=\"lazy\" title=\"Chakren-Meditation mit Energie\u00fcbertragung von Clara Welten zum Buch &quot;Wir sind Hebammen des Lichts!&quot;\" width=\"660\" height=\"371\" src=\"https:\/\/www.youtube.com\/embed\/RDoKO3S5VyE?feature=oembed\" frameborder=\"0\" allow=\"accelerometer; autoplay; clipboard-write; encrypted-media; gyroscope; picture-in-picture; web-share\" referrerpolicy=\"strict-origin-when-cross-origin\" allowfullscreen><\/iframe><\/p>\n","protected":false},"excerpt":{"rendered":"<p>Dans cette m\u00e9ditation pour ta spiritualit\u00e9 quotidienne, Clara Welten t&rsquo;accompagne dans un voyage \u00e0 travers tes sept chakras principaux et te montre comment les ouvrir et les r\u00e9\u00e9quilibrer, afin que tu te sentes plus \u00e9quilibr\u00e9 et plus joyeux. Avec l&rsquo;aide de la \u00ab\u00a0douche de lumi\u00e8re\u00a0\u00bb, tu nettoies tes chakras et tu redresses ta colonne vert\u00e9brale &hellip; <a href=\"https:\/\/welten-institut.de\/fr\/chakren-meditation-zum-buch-wir-sind-hebammen-des-lichts-aus-dem-kapitel-das-inkarnationsgedaechtnis\/\" class=\"more-link\">Continuer la lecture de <span class=\"screen-reader-text\">M\u00e9ditation sur les chakras avec transmission d&rsquo;\u00e9nergie par Clara Welten sur le livre \u00ab\u00a0Wir sind Hebammen des Lichts!\u00a0\u00bb, du chapitre \u00ab\u00a0Das Inkarnationsged\u00e4chtnis\u00a0\u00bb<\/span><\/a><\/p>\n","protected":false},"author":2,"featured_media":2349,"comment_status":"closed","ping_status":"open","sticky":false,"template":"","format":"standard","meta":{"inline_featured_image":false,"footnotes":""},"categories":[1],"tags":[],"class_list":["post-2182","post","type-post","status-publish","format-standard","has-post-thumbnail","hentry","category-uncategorized"],"_links":{"self":[{"href":"https:\/\/welten-institut.de\/fr\/wp-json\/wp\/v2\/posts\/2182","targetHints":{"allow":["GET"]}}],"collection":[{"href":"https:\/\/welten-institut.de\/fr\/wp-json\/wp\/v2\/posts"}],"about":[{"href":"https:\/\/welten-institut.de\/fr\/wp-json\/wp\/v2\/types\/post"}],"author":[{"embeddable":true,"href":"https:\/\/welten-institut.de\/fr\/wp-json\/wp\/v2\/users\/2"}],"replies":[{"embeddable":true,"href":"https:\/\/welten-institut.de\/fr\/wp-json\/wp\/v2\/comments?post=2182"}],"version-history":[{"count":15,"href":"https:\/\/welten-institut.de\/fr\/wp-json\/wp\/v2\/posts\/2182\/revisions"}],"predecessor-version":[{"id":2192,"href":"https:\/\/welten-institut.de\/fr\/wp-json\/wp\/v2\/posts\/2182\/revisions\/2192"}],"wp:featuredmedia":[{"embeddable":true,"href":"https:\/\/welten-institut.de\/fr\/wp-json\/wp\/v2\/media\/2349"}],"wp:attachment":[{"href":"https:\/\/welten-institut.de\/fr\/wp-json\/wp\/v2\/media?parent=2182"}],"wp:term":[{"taxonomy":"category","embeddable":true,"href":"https:\/\/welten-institut.de\/fr\/wp-json\/wp\/v2\/categories?post=2182"},{"taxonomy":"post_tag","embeddable":true,"href":"https:\/\/welten-institut.de\/fr\/wp-json\/wp\/v2\/tags?post=2182"}],"curies":[{"name":"wp","href":"https:\/\/api.w.org\/{rel}","templated":true}]}}