{"id":2087,"date":"2023-11-21T11:38:36","date_gmt":"2023-11-21T10:38:36","guid":{"rendered":"https:\/\/welten-institut.de\/?p=2087"},"modified":"2024-11-26T15:22:24","modified_gmt":"2024-11-26T14:22:24","slug":"ankuendigung-neues-spirituelles-buchprojekt-von-clara-welten","status":"publish","type":"post","link":"https:\/\/welten-institut.de\/fr\/ankuendigung-neues-spirituelles-buchprojekt-von-clara-welten\/","title":{"rendered":"LIVRE ACTUEL : \u00ab\u00a0Wir sind Hebammen des Lichts! Wie Reisen in Reinkarnationen dein Dasein erhellen\u00a0\u00bb &#8211; disponible d\u00e8s maintenant dans le commerce !"},"content":{"rendered":"<p>Pour tous ceux qui attendaient d\u00e9j\u00e0 un nouveau livre spirituel de Clara Welten et qui sont concr\u00e8tement int\u00e9ress\u00e9s par la connexion \u00e0 la \u00ab\u00a0source cosmique\u00a0\u00bb dans leur vie : Le <strong>1er mars 2024<\/strong>, les c\u00e9l\u00e8bres \u00e9ditions germanophones <strong>Jim Humble<\/strong> ont publi\u00e9 l&rsquo;ouvrage spirituel actuel de Welten intitul\u00e9 <strong>\u00ab\u00a0Wir sind Hebammen des Lichts ! Wie Reisen in Reinkarnationen dein Dasein erhellen\u00a0\u00bb<\/strong>.<br \/>\ndans lequel elle partage avec les lecteurs* des aper\u00e7us sur le th\u00e8me des \u00ab\u00a0voyages de l&rsquo;\u00e2me et des retours\u00a0\u00bb gr\u00e2ce \u00e0 17 voyages de r\u00e9incarnation spirituels impressionnants issus de sa longue pratique. Voici un premier aper\u00e7u :<\/p>\n<p><em>\u00ab\u00a0Nous sommes les sages-femmes de la lumi\u00e8re !\u00a0\u00bb &#8211; cette d\u00e9claration de Clara Welten s&rsquo;adresse \u00e0 toutes les \u00e2mes qui se lancent \u00e0 la recherche de leur v\u00e9ritable destin pour faire du monde un endroit meilleur et plus paisible en ces temps de d\u00e9fi. C&rsquo;est aussi un appel \u00e0 reconna\u00eetre l&rsquo;essence pure de ton \u00e2me, \u00e0 te lib\u00e9rer des enchev\u00eatrements karmiques et \u00e0 devenir le\/la cr\u00e9ateur\/trice de ta r\u00e9alit\u00e9.<\/em><\/p>\n<figure id=\"attachment_2203\" style=\"width: 211px\"  class=\"wp-caption alignright\"><img loading=\"lazy\" decoding=\"async\" class=\"size-medium wp-image-2203\" src=\"https:\/\/welten-institut.de\/wp-content\/uploads\/2024HebammenDesLichtsVOOR-211x300.jpg\" alt=\"Cover Wir sind Hebammen des Lichts Frauen die Planeten in den H\u00e4nden tragen\" width=\"211\" height=\"300\" srcset=\"https:\/\/welten-institut.de\/wp-content\/uploads\/2024HebammenDesLichtsVOOR-211x300.jpg 211w, https:\/\/welten-institut.de\/wp-content\/uploads\/2024HebammenDesLichtsVOOR-722x1024.jpg 722w, https:\/\/welten-institut.de\/wp-content\/uploads\/2024HebammenDesLichtsVOOR-768x1090.jpg 768w, https:\/\/welten-institut.de\/wp-content\/uploads\/2024HebammenDesLichtsVOOR-1083x1536.jpg 1083w, https:\/\/welten-institut.de\/wp-content\/uploads\/2024HebammenDesLichtsVOOR-1444x2048.jpg 1444w, https:\/\/welten-institut.de\/wp-content\/uploads\/2024HebammenDesLichtsVOOR-500x709.jpg 500w, https:\/\/welten-institut.de\/wp-content\/uploads\/2024HebammenDesLichtsVOOR-825x1170.jpg 825w, https:\/\/welten-institut.de\/wp-content\/uploads\/2024HebammenDesLichtsVOOR-1000x1419.jpg 1000w, https:\/\/welten-institut.de\/wp-content\/uploads\/2024HebammenDesLichtsVOOR-1600x2270.jpg 1600w, https:\/\/welten-institut.de\/wp-content\/uploads\/2024HebammenDesLichtsVOOR.jpg 1748w\" sizes=\"auto, (max-width: 211px) 100vw, 211px\" \/><figcaption class=\"wp-caption-text\">Illustration: Harry Schmeits<\/figcaption><\/figure>\n<p><em>Gr\u00e2ce \u00e0 ce livre, tu ne vas pas seulement approfondir tes connaissances th\u00e9oriques sur les techniques spirituelles, mais tu vas aussi devenir t\u00e9moin de voyages entre les mondes en accompagnant Clara et ses clients dans des existences et des \u00e9poques ant\u00e9rieures, parfois bien avant notre \u00e8re : 17 voyages dans des r\u00e9incarnations ont permis \u00e0 des personnes de se lib\u00e9rer concr\u00e8tement et durablement de leurs graves probl\u00e8mes.<\/em><\/p>\n<p><em>Ouvre ton c\u0153ur \u00e0 la dimension fascinante de la renaissance, laisse-toi emporter dans les ab\u00eemes d&rsquo;une \u00e2me, lis comment la gu\u00e9rison a pu se produire. D\u00e9couvre des histoires \u00e0 la fois captivantes et tr\u00e8s touchantes qui te permettront d&rsquo;acqu\u00e9rir une nouvelle perspective ainsi qu&rsquo;une compr\u00e9hension plus profonde de ton existence sur terre.<\/em><\/p>\n<figure id=\"attachment_2179\" style=\"width: 200px\"  class=\"wp-caption alignleft\"><img loading=\"lazy\" decoding=\"async\" class=\"wp-image-2179 size-medium\" src=\"https:\/\/welten-institut.de\/wp-content\/uploads\/DieBruckeInsheiligeLand-1-200x300.jpg\" alt=\"H\u00e4ngebr\u00fccke f\u00fchrt durch Neben und Wolken ins Licht\" width=\"200\" height=\"300\" srcset=\"https:\/\/welten-institut.de\/wp-content\/uploads\/DieBruckeInsheiligeLand-1-200x300.jpg 200w, https:\/\/welten-institut.de\/wp-content\/uploads\/DieBruckeInsheiligeLand-1-682x1024.jpg 682w, https:\/\/welten-institut.de\/wp-content\/uploads\/DieBruckeInsheiligeLand-1-768x1152.jpg 768w, https:\/\/welten-institut.de\/wp-content\/uploads\/DieBruckeInsheiligeLand-1-1024x1536.jpg 1024w, https:\/\/welten-institut.de\/wp-content\/uploads\/DieBruckeInsheiligeLand-1-500x750.jpg 500w, https:\/\/welten-institut.de\/wp-content\/uploads\/DieBruckeInsheiligeLand-1-825x1238.jpg 825w, https:\/\/welten-institut.de\/wp-content\/uploads\/DieBruckeInsheiligeLand-1-1000x1500.jpg 1000w, https:\/\/welten-institut.de\/wp-content\/uploads\/DieBruckeInsheiligeLand-1.jpg 1181w\" sizes=\"auto, (max-width: 200px) 100vw, 200px\" \/><figcaption class=\"wp-caption-text\">Illustration: Harry Schmeits<\/figcaption><\/figure>\n<p><em>Dans ce livre unique, Clara Welten pr\u00e9sente son travail dans le domaine de la psychologie des profondeurs, du chamanisme et de la spiritualit\u00e9. Elle nous montre comment, \u00e0 l&rsquo;aide de m\u00e9thodes spirituelles, nous pouvons explorer notre biographie et notre \u00ab\u00a0carte karmique\u00a0\u00bb, afin que tu rayonnes de lumi\u00e8re et que tu illumines notre existence \u00e0 tous de ta pr\u00e9sence.<\/em><\/p>\n<p>AVEC UNE PARTICIPATION du Dr ROSINA SONNENSCHMIDT<\/p>\n<p>&nbsp;<\/p>\n<p>COMMANDES<\/p>\n<p><strong>\u00ab\u00a0Wir sind Hebammen des Lichts!\u00a0\u00bb <\/strong> <strong>peut \u00eatre command\u00e9 sans frais d&rsquo;envoi chez Clara Welten, WITS (le d\u00e9lai de livraison est d&rsquo;environ 3 jours, par virement imm\u00e9diat, commande par <a href=\"https:\/\/welten-institut.de\/kontakt\/\" target=\"_blank\" rel=\"noopener\">e-mail<\/a>)<\/strong><\/p>\n<p><strong>ainsi que chez\u00a0<a href=\"https:\/\/www.osiander.de\/shop\/home\/artikeldetails\/A1070894244\" target=\"_blank\" rel=\"noopener\">Osiander<\/a> (sans frais d&rsquo;envoi), <a href=\"https:\/\/www.thalia.de\/shop\/home\/artikeldetails\/A1070894244\" target=\"_blank\" rel=\"noopener\">Thalia<\/a> (sans frais d&rsquo;envoi) \u00a0e de la maison <a href=\"https:\/\/www.neue-impulse-verlag.de\/shop\/item\/9789088793691\/wir-sind-hebammen-des-lichts-von-clara-welten#\" target=\"_blank\" rel=\"noopener\">d&rsquo;\u00e9dition Neue Impulse<\/a><\/strong><\/p>\n<p><strong>ou directement chez <a href=\"https:\/\/www.jim-humble-verlag.com\/nl\/products\/hebammen-des-lichts?_pos=1&#038;_psq=wir&#038;_ss=e&#038;_v=1.0&#038;fbclid=IwAR03lSDbuCq69FvGBtXk_ho4LWN7pYR1No8-XluVCsuq6e_Th6XO30BnOwE\" target=\"_blank\" rel=\"noopener\">\u00e9ditions Jim Humble<\/a> et partout o\u00f9 l&rsquo;on peut trouver des livres.<\/strong><\/p>\n<p><strong>Tu peux aussi commander le livre sur place, sans frais d&rsquo;envoi, dans la librairie de ton choix.<\/strong><\/p>\n<p>Bande-annonce du livre <strong>\u00ab\u00a0Wir sind Hebammen des Lichts!\u00a0\u00bb<\/strong><\/p>\n<div style=\"width: 660px;\" class=\"wp-video\"><video class=\"wp-video-shortcode\" id=\"video-2087-1\" width=\"660\" height=\"1173\" poster=\"https:\/\/welten-institut.de\/wp-content\/uploads\/2024ZweiWelten.jpg\" preload=\"metadata\" controls=\"controls\"><source type=\"video\/mp4\" src=\"https:\/\/welten-institut.de\/wp-content\/uploads\/Trailer-Hebammen-des-Lichts.mp4?_=1\" \/><a href=\"https:\/\/welten-institut.de\/wp-content\/uploads\/Trailer-Hebammen-des-Lichts.mp4\">https:\/\/welten-institut.de\/wp-content\/uploads\/Trailer-Hebammen-des-Lichts.mp4<\/a><\/video><\/div>\n","protected":false},"excerpt":{"rendered":"<p>Pour tous ceux qui attendaient d\u00e9j\u00e0 un nouveau livre spirituel de Clara Welten et qui sont concr\u00e8tement int\u00e9ress\u00e9s par la connexion \u00e0 la \u00ab\u00a0source cosmique\u00a0\u00bb dans leur vie : Le 1er mars 2024, les c\u00e9l\u00e8bres \u00e9ditions germanophones Jim Humble ont publi\u00e9 l&rsquo;ouvrage spirituel actuel de Welten intitul\u00e9 \u00ab\u00a0Wir sind Hebammen des Lichts ! Wie Reisen &hellip; <a href=\"https:\/\/welten-institut.de\/fr\/ankuendigung-neues-spirituelles-buchprojekt-von-clara-welten\/\" class=\"more-link\">Continuer la lecture de <span class=\"screen-reader-text\">LIVRE ACTUEL : \u00ab\u00a0Wir sind Hebammen des Lichts! Wie Reisen in Reinkarnationen dein Dasein erhellen\u00a0\u00bb &#8211; disponible d\u00e8s maintenant dans le commerce !<\/span><\/a><\/p>\n","protected":false},"author":2,"featured_media":0,"comment_status":"closed","ping_status":"open","sticky":false,"template":"","format":"standard","meta":{"inline_featured_image":false,"footnotes":""},"categories":[5],"tags":[35,22,36,26,28,25,24,27,29,23],"class_list":["post-2087","post","type-post","status-publish","format-standard","hentry","category-news","tag-amazon","tag-buch","tag-jim-humble-verlag","tag-rueckfuehrungen","tag-schamanismus","tag-seelenreisen","tag-spiritualitaet","tag-tiefenpsychologie","tag-verlag","tag-veroeffentlichung"],"_links":{"self":[{"href":"https:\/\/welten-institut.de\/fr\/wp-json\/wp\/v2\/posts\/2087","targetHints":{"allow":["GET"]}}],"collection":[{"href":"https:\/\/welten-institut.de\/fr\/wp-json\/wp\/v2\/posts"}],"about":[{"href":"https:\/\/welten-institut.de\/fr\/wp-json\/wp\/v2\/types\/post"}],"author":[{"embeddable":true,"href":"https:\/\/welten-institut.de\/fr\/wp-json\/wp\/v2\/users\/2"}],"replies":[{"embeddable":true,"href":"https:\/\/welten-institut.de\/fr\/wp-json\/wp\/v2\/comments?post=2087"}],"version-history":[{"count":55,"href":"https:\/\/welten-institut.de\/fr\/wp-json\/wp\/v2\/posts\/2087\/revisions"}],"predecessor-version":[{"id":2340,"href":"https:\/\/welten-institut.de\/fr\/wp-json\/wp\/v2\/posts\/2087\/revisions\/2340"}],"wp:attachment":[{"href":"https:\/\/welten-institut.de\/fr\/wp-json\/wp\/v2\/media?parent=2087"}],"wp:term":[{"taxonomy":"category","embeddable":true,"href":"https:\/\/welten-institut.de\/fr\/wp-json\/wp\/v2\/categories?post=2087"},{"taxonomy":"post_tag","embeddable":true,"href":"https:\/\/welten-institut.de\/fr\/wp-json\/wp\/v2\/tags?post=2087"}],"curies":[{"name":"wp","href":"https:\/\/api.w.org\/{rel}","templated":true}]}}