{"id":1356,"date":"2020-03-17T15:56:42","date_gmt":"2020-03-17T14:56:42","guid":{"rendered":"https:\/\/welten-institut.de\/?p=1356"},"modified":"2020-06-02T13:32:19","modified_gmt":"2020-06-02T11:32:19","slug":"meine-arbeit-in-zeiten-der-herausforderung-corona","status":"publish","type":"post","link":"https:\/\/welten-institut.de\/fr\/meine-arbeit-in-zeiten-der-herausforderung-corona\/","title":{"rendered":"Mon travail en temps de CORONA"},"content":{"rendered":"<p style=\"text-align: right;\"><strong>Mon travail en temps de d\u00e9fi &#8211; CORONA<\/strong><\/p>\n<p>En p\u00e9riode de coronavirus, j&rsquo;offre toutes mes th\u00e9rapies personnellement, bien s\u00fbr. Si vous ne voulez pas vous d\u00e9placer physiquement vers moi, vous pouvez travailler avec moi via Skype\/ Messenger\/ mobile ou ligne fixe &#8211; peu importe qu&rsquo;il s&rsquo;agisse d&rsquo;un travail \u00e9nerg\u00e9tique, spirituel ou de conversation.<\/p>\n<p>Le groupe de formation \u00ab\u00a0Th\u00e9rapie int\u00e9grative : Accompagnement psycho-spirituel de l&rsquo;\u00e2me\u00a0\u00bb se d\u00e9roule actuellement via Skype audio : Nous \u00e9changeons, lisons ensemble, discutons et m\u00e9ditons ; nous voyageons vers les \u00e9l\u00e9ments et tirons nos exp\u00e9riences. C&rsquo;est probablement la premi\u00e8re fois que je suis reconnaissant pour la digitalisation du monde &#8230;<\/p>\n<p><strong>Et voici, l&rsquo;extrait de la Newsletter Aquariana 3\/20, ma contribution aux crises internes et externes : La peur ronge l&rsquo;\u00e2me &#8211; ou comment une crise peut nous renforcer:<\/strong><\/p>\n<p><a title=\"Angst fressen Seele auf \u2013 oder wie eine Krise uns st\u00e4rken kann\" href=\"https:\/\/www.aquariana.de\/blog\/angst-fressen-seele-auf-%E2%80%93-oder-wie-eine-krise-uns-st%C3%A4rken-kann\"><img decoding=\"async\" class=\"blog-artikel-bild\" src=\"https:\/\/www.aquariana.de\/assets\/components\/phpthumbof\/cache\/ClaraWelten_quer_2019.4336baf7e39fb1f3e843555e41812c8d125.jpg\" alt=\"Angst fressen Seele auf \u2013 oder wie eine Krise uns st\u00e4rken kann\" \/><\/a><\/p>\n<p>Ein Artikel von\u00a0<strong>Clara Welten<\/strong><\/p>\n<p>Je travaille \u00e9galement dans le temps du CORONA. Certaines personnes pr\u00e9f\u00e8rent utiliser Skype\/ Messenger ou le t\u00e9l\u00e9phone pour les s\u00e9ances ; pour d&rsquo;autres qui trouvent leur chemin jusqu&rsquo;\u00e0 moi, je suis l\u00e0 sur place. S&rsquo;ils ont besoin de soutien, je les r\u00e9conforte &#8211; <strong>Corona ne s&rsquo;interpose pas entre moi et l&rsquo;autre personne.<\/strong> Pourquoi ? Parce qu&rsquo;apr\u00e8s plus de 15 ans de travail et de r\u00e9flexion spirituelle, je ne crois pas qu&rsquo;\u00e9viter l&rsquo;espace public et se laver les mains 10 fois par jour soit en soi une garantie de quoi que ce soit. Ce que les m\u00e9dias ne soulignent pas (encore une fois) en cette p\u00e9riode de crise, ce sont toutes les m\u00e9thodes de gu\u00e9risons alternatives et compl\u00e9mentaires, c&rsquo;est-\u00e0-dire le renforcement du syst\u00e8me immunitaire gr\u00e2ce \u00e0 la nutrition, gr\u00e2ce aux plantes, aux herbes et, surtout pour moi : gr\u00e2ce \u00e0 l&rsquo;hygi\u00e8ne de mon m\u00e9nage \u00e9motionnel.<\/p>\n<p>Nous, qui sommes \u00ab\u00a0spirituelles\u00a0\u00bb, nous croyons en la connexion du corps &#8211; de l&rsquo;\u00e2me &#8211; de l&rsquo;esprit, de notre bien-\u00eatre holistique, dont chaque individu peut prendre soin consciemment. Qu&rsquo;en est-il de nos conceptions et valeurs spirituelles en cette p\u00e9riode de crise ? S&rsquo;appliquent-elles uniquement dans la zone de confort des niveaux de vie europ\u00e9ens ? Ou surtout en temps de crise ? Dans notre cas, la crise signifie que la peur ronge les \u00e2mes, alors que la mort et le meurtre font rage sur plus des deux tiers de la surface de la plan\u00e8te. Les plus de 20.000 femmes, enfants et hommes, dont le nombre \u00e0 la fronti\u00e8re turque augmente chaque jour, ne sont pas tourment\u00e9s par un facteur de peur, par une \u00e9motion, mais ils survivent et meurent dans la boue, tandis que l&rsquo;Europe (une fois de plus) ferme les fronti\u00e8res et prend d\u00e9sormais soin d&rsquo;elle-m\u00eame et de ses habitants*. La question : \u00ab\u00a0Est-ce que je prends le bus ou est-ce que je pr\u00e9f\u00e8re cuisiner moi-m\u00eame \u00e0 la maison ? est devenue une question apparemment existentielle : Plus de plaisir, plus de caf\u00e9, plus de fitness, plus de cours de yoga, plus de piscine, plus de lecture \u00e0 la biblioth\u00e8que, plus de concert pour la joie de l&rsquo;\u00e2me, plus de pi\u00e8ce de th\u00e9\u00e2tre pour la r\u00e9flexion et l&rsquo;\u00e9change, plus de rencontre avec des amis pour manger dehors, plus d&rsquo;\u00e9v\u00e9nement \u00e0 vivre : Ensemble, en ce moment, va de pair avec la peur, avec les strat\u00e9gies d&rsquo;\u00e9vitement. Pourtant, il est si important sur le plan existentiel, surtout en temps de crise, de prendre soin de son corps, de son \u00e2me et de son esprit et de prendre soin de soi-m\u00eame.<\/p>\n<p>Qu&rsquo;est-ce que la peur fait \u00e0 nos organes, \u00e0 notre syst\u00e8me corporel ? (Chacun ressent cela en lui-m\u00eame.) Et que peuvent faire la lumi\u00e8re, la foi, la m\u00e9ditation, le centre du c\u0153ur et la compassion avec notre corps ? Quel effet positif le travail \u00e9nerg\u00e9tique peut-il avoir sur notre syst\u00e8me immunitaire et donc sur notre constitution physique, en le renfor\u00e7ant m\u00eame ! Quel est le but de notre compr\u00e9hension spirituelle du bien-\u00eatre holistique, du travail sur les chakras, des m\u00e9ditations, des invocations, du travail sur les animaux de pouvoir, de la nutrition saine, de l&rsquo;amour et de la compassion ?\u00a0Notre attitude est-elle \u00e0 l&rsquo;\u00e9preuve des crises ou n&rsquo;est-elle qu&rsquo;un luxe de la zone de confort, qui &#8211; comme tout luxe &#8211; diminue en temps de crise ?<\/p>\n<p>Je voudrais nous appeler \u00e0 soutenir, \u00e0 soutenir, \u00e0 former notre confiance en soi et en ce qui est li\u00e9 \u00e0 la lumi\u00e8re qui nous entoure, \u00e0 aimer cette vie connect\u00e9e au point qu&rsquo;elle nous donne de la force m\u00eame et surtout en p\u00e9riode de d\u00e9fi ! Parce qu&rsquo;il n&rsquo;y a rien d&rsquo;autre maintenant &#8211; une p\u00e9riode de d\u00e9fi &#8211; pour vous et votre conscience. Qui aime la vie peut mourir. Il en a toujours \u00e9t\u00e9 ainsi et il en sera toujours ainsi. Mais celui qui aime la vie, dans toute sa force, peut vivre en particulier attentif et engag\u00e9 !<\/p>\n","protected":false},"excerpt":{"rendered":"<p>Mon travail en temps de d\u00e9fi &#8211; CORONA En p\u00e9riode de coronavirus, j&rsquo;offre toutes mes th\u00e9rapies personnellement, bien s\u00fbr. Si vous ne voulez pas vous d\u00e9placer physiquement vers moi, vous pouvez travailler avec moi via Skype\/ Messenger\/ mobile ou ligne fixe &#8211; peu importe qu&rsquo;il s&rsquo;agisse d&rsquo;un travail \u00e9nerg\u00e9tique, spirituel ou de conversation. Le groupe &hellip; <a href=\"https:\/\/welten-institut.de\/fr\/meine-arbeit-in-zeiten-der-herausforderung-corona\/\" class=\"more-link\">Continuer la lecture de <span class=\"screen-reader-text\">Mon travail en temps de CORONA<\/span><\/a><\/p>\n","protected":false},"author":2,"featured_media":1354,"comment_status":"closed","ping_status":"open","sticky":false,"template":"","format":"standard","meta":{"inline_featured_image":false,"footnotes":""},"categories":[1],"tags":[],"class_list":["post-1356","post","type-post","status-publish","format-standard","has-post-thumbnail","hentry","category-uncategorized"],"_links":{"self":[{"href":"https:\/\/welten-institut.de\/fr\/wp-json\/wp\/v2\/posts\/1356","targetHints":{"allow":["GET"]}}],"collection":[{"href":"https:\/\/welten-institut.de\/fr\/wp-json\/wp\/v2\/posts"}],"about":[{"href":"https:\/\/welten-institut.de\/fr\/wp-json\/wp\/v2\/types\/post"}],"author":[{"embeddable":true,"href":"https:\/\/welten-institut.de\/fr\/wp-json\/wp\/v2\/users\/2"}],"replies":[{"embeddable":true,"href":"https:\/\/welten-institut.de\/fr\/wp-json\/wp\/v2\/comments?post=1356"}],"version-history":[{"count":7,"href":"https:\/\/welten-institut.de\/fr\/wp-json\/wp\/v2\/posts\/1356\/revisions"}],"predecessor-version":[{"id":1360,"href":"https:\/\/welten-institut.de\/fr\/wp-json\/wp\/v2\/posts\/1356\/revisions\/1360"}],"wp:featuredmedia":[{"embeddable":true,"href":"https:\/\/welten-institut.de\/fr\/wp-json\/wp\/v2\/media\/1354"}],"wp:attachment":[{"href":"https:\/\/welten-institut.de\/fr\/wp-json\/wp\/v2\/media?parent=1356"}],"wp:term":[{"taxonomy":"category","embeddable":true,"href":"https:\/\/welten-institut.de\/fr\/wp-json\/wp\/v2\/categories?post=1356"},{"taxonomy":"post_tag","embeddable":true,"href":"https:\/\/welten-institut.de\/fr\/wp-json\/wp\/v2\/tags?post=1356"}],"curies":[{"name":"wp","href":"https:\/\/api.w.org\/{rel}","templated":true}]}}